{"id":3193,"date":"2023-01-31T16:12:12","date_gmt":"2023-01-31T19:12:12","guid":{"rendered":"https:\/\/furukawasolutions.com\/?p=3193"},"modified":"2024-03-11T18:46:47","modified_gmt":"2024-03-11T21:46:47","slug":"furukawa-inaugura-espaco-dedicado-a-inovacao-dentro-do-habitat-senai-em-curitiba","status":"publish","type":"post","link":"https:\/\/furukawasolutions.com\/pt-br\/n\/furukawa-inaugura-espaco-dedicado-a-inovacao-dentro-do-habitat-senai-em-curitiba\/","title":{"rendered":"Furukawa inaugura espa\u00e7o dedicado \u00e0 inova\u00e7\u00e3o dentro do Habitat Senai em Curitiba"},"content":{"rendered":"\n<p>Um ambiente de inova\u00e7\u00e3o aberta, fora da empresa, em que os colaboradores t\u00eam a oportunidade de interagir &#8211; inclusive com pessoas de outras organiza\u00e7\u00f5es &#8211; sem a press\u00e3o das atividades do dia a dia. Essa \u00e9 a proposta do Espa\u00e7o Habitat que a Furukawa Electric LatAm est\u00e1 inaugurando hoje (30\/01), dentro do Habitat Senai &#8211; espa\u00e7o colaborativo e de troca de experi\u00eancias entre empresas inovadoras e o Sistema Fiep (Federa\u00e7\u00e3o das Ind\u00fastrias do Estado do Paran\u00e1).<\/p>\n\n\n\n<p>Localizado em Curitiba, o Habitat Senai oferece infraestrutura e servi\u00e7os de apoio a empresas interessadas em desenvolver solu\u00e7\u00f5es inovadoras, com base em novas tecnologias, que atendam \u00e0s demandas da ind\u00fastria. Proporciona oportunidades de parcerias com startups e com Institutos Senai de Tecnologia e Inova\u00e7\u00e3o para o desenvolvimento de projetos com foco em est\u00edmulo \u00e0 produtividade, ao crescimento econ\u00f4mico e na sustentabilidade ambiental.<\/p>\n\n\n\n<p>\u201c<em>\u00c9 uma experi\u00eancia importante para a empresa dentro do contexto de projetos de inova\u00e7\u00e3o aberta voltada \u00e0 transforma\u00e7\u00e3o digital da ind\u00fastria\u201d, resume Nelson Saito, respons\u00e1vel pelo Departamento de Tecnologias Digitais &amp; Startups (TDS) da Furukawa. Ele ressalta que a inaugura\u00e7\u00e3o do novo espa\u00e7o est\u00e1 alinhada \u00e0s iniciativas desse departamento, que foi criado pela empresa em 2020. \u201cO objetivo \u00e9 estimular parcerias e acelerar a troca de ideias entre pessoas envolvidas com a inova\u00e7\u00e3o digital<\/em>\u201d, acrescenta.<\/p>\n\n\n\n<p>O Espa\u00e7o Habitat da Furukawa consiste em uma sala exclusiva, com capacidade m\u00e9dia para dez pessoas, que foi projetada para oferecer um ambiente favor\u00e1vel \u00e0 colabora\u00e7\u00e3o entre pessoas em projetos de inova\u00e7\u00e3o. A inten\u00e7\u00e3o \u00e9 usar esse espa\u00e7o para realizar oficinas com equipes de projetos e testar a ado\u00e7\u00e3o de novas tecnologias e metodologias de gest\u00e3o da inova\u00e7\u00e3o, entre outras aplica\u00e7\u00f5es.<\/p>\n\n\n\n<p>Para Fabr\u00edcio Lopes, Gerente Executivo de Tecnologia, Inova\u00e7\u00e3o e Responsabilidade Social do Sistema Fiep, \u201ca vinda da Furukawa para o Habitat Senai corrobora com os objetivos de ampliar as conex\u00f5es e desenvolver novas solu\u00e7\u00f5es por meio de projetos de inova\u00e7\u00e3o relevantes para a sociedade. A representatividade e a abrang\u00eancia de mercado da Furukawa proporcionar\u00e3o diversas parcerias para estimular os setores de energia, mobilidade e transforma\u00e7\u00e3o digital, assim como tamb\u00e9m conectar\u00e1 com as solu\u00e7\u00f5es da Rede Senai de Institutos de Tecnologia e Inova\u00e7\u00e3o\u201d.<\/p>\n","protected":false},"excerpt":{"rendered":"<p>Um ambiente de inova\u00e7\u00e3o aberta, fora da empresa, em que os colaboradores t\u00eam a oportunidade de interagir &#8211; inclusive com pessoas de outras organiza\u00e7\u00f5es &#8211; sem a press\u00e3o das atividades do dia a dia. Essa \u00e9 a proposta do Espa\u00e7o Habitat que a Furukawa Electric LatAm est\u00e1 inaugurando hoje (30\/01), dentro do Habitat Senai &#8211; [&hellip;]<\/p>\n","protected":false},"author":10,"featured_media":3194,"comment_status":"open","ping_status":"open","sticky":false,"template":"","format":"standard","meta":{"_acf_changed":false,"inline_featured_image":false,"footnotes":""},"categories":[597],"tags":[886,888],"regioes":[],"class_list":["post-3193","post","type-post","status-publish","format-standard","has-post-thumbnail","hentry","category-noticias","tag-industria","tag-institucional"],"acf":[],"yoast_head":"<!-- This site is optimized with the Yoast SEO plugin v24.8.1 - https:\/\/yoast.com\/wordpress\/plugins\/seo\/ -->\n<title>Furukawa inaugura espa\u00e7o dedicado \u00e0 inova\u00e7\u00e3o dentro do Habitat Senai em Curitiba &#8211; Furukawa Solutions<\/title>\n<meta name=\"robots\" content=\"index, follow, max-snippet:-1, max-image-preview:large, max-video-preview:-1\" \/>\n<link rel=\"canonical\" href=\"https:\/\/furukawasolutions.com\/pt-br\/n\/furukawa-inaugura-espaco-dedicado-a-inovacao-dentro-do-habitat-senai-em-curitiba\/\" \/>\n<meta property=\"og:locale\" content=\"pt_BR\" \/>\n<meta property=\"og:type\" content=\"article\" \/>\n<meta property=\"og:title\" content=\"Furukawa inaugura espa\u00e7o dedicado \u00e0 inova\u00e7\u00e3o dentro do Habitat Senai em Curitiba &#8211; Furukawa Solutions\" \/>\n<meta property=\"og:description\" content=\"Um ambiente de inova\u00e7\u00e3o aberta, fora da empresa, em que os colaboradores t\u00eam a oportunidade de interagir &#8211; inclusive com pessoas de outras organiza\u00e7\u00f5es &#8211; sem a press\u00e3o das atividades do dia a dia. Essa \u00e9 a proposta do Espa\u00e7o Habitat que a Furukawa Electric LatAm est\u00e1 inaugurando hoje (30\/01), dentro do Habitat Senai &#8211; [&hellip;]\" \/>\n<meta property=\"og:url\" content=\"https:\/\/furukawasolutions.com\/pt-br\/n\/furukawa-inaugura-espaco-dedicado-a-inovacao-dentro-do-habitat-senai-em-curitiba\/\" \/>\n<meta property=\"og:site_name\" content=\"Furukawa Solutions\" \/>\n<meta property=\"article:publisher\" content=\"https:\/\/www.facebook.com\/furukawasolutions.pt\/\" \/>\n<meta property=\"article:published_time\" content=\"2023-01-31T19:12:12+00:00\" \/>\n<meta property=\"article:modified_time\" content=\"2024-03-11T21:46:47+00:00\" \/>\n<meta property=\"og:image\" content=\"https:\/\/furukawasolutions.com\/wp-content\/uploads\/2023\/01\/Furukawa-espaco-habitat-senai-curitiba.jpg\" \/>\n\t<meta property=\"og:image:width\" content=\"800\" \/>\n\t<meta property=\"og:image:height\" content=\"600\" \/>\n\t<meta property=\"og:image:type\" content=\"image\/jpeg\" \/>\n<meta name=\"author\" content=\"Ronaldo Jose Junior\" \/>\n<meta name=\"twitter:card\" content=\"summary_large_image\" \/>\n<meta name=\"twitter:creator\" content=\"@furukawa_pt\" \/>\n<meta name=\"twitter:site\" content=\"@furukawa_pt\" \/>\n<meta name=\"twitter:label1\" content=\"Escrito por\" \/>\n\t<meta name=\"twitter:data1\" content=\"Ronaldo Jose Junior\" \/>\n\t<meta name=\"twitter:label2\" content=\"Est. tempo de leitura\" \/>\n\t<meta name=\"twitter:data2\" content=\"2 minutos\" \/>\n<script type=\"application\/ld+json\" class=\"yoast-schema-graph\">{\"@context\":\"https:\/\/schema.org\",\"@graph\":[{\"@type\":\"Article\",\"@id\":\"https:\/\/furukawasolutions.com\/pt-br\/n\/furukawa-inaugura-espaco-dedicado-a-inovacao-dentro-do-habitat-senai-em-curitiba\/#article\",\"isPartOf\":{\"@id\":\"https:\/\/furukawasolutions.com\/pt-br\/n\/furukawa-inaugura-espaco-dedicado-a-inovacao-dentro-do-habitat-senai-em-curitiba\/\"},\"author\":{\"name\":\"Ronaldo Jose Junior\",\"@id\":\"https:\/\/furukawasolutions.com\/pt-br\/#\/schema\/person\/e9b4f9698151899c7709973fcdde4425\"},\"headline\":\"Furukawa inaugura espa\u00e7o dedicado \u00e0 inova\u00e7\u00e3o dentro do Habitat Senai em Curitiba\",\"datePublished\":\"2023-01-31T19:12:12+00:00\",\"dateModified\":\"2024-03-11T21:46:47+00:00\",\"mainEntityOfPage\":{\"@id\":\"https:\/\/furukawasolutions.com\/pt-br\/n\/furukawa-inaugura-espaco-dedicado-a-inovacao-dentro-do-habitat-senai-em-curitiba\/\"},\"wordCount\":405,\"commentCount\":0,\"publisher\":{\"@id\":\"https:\/\/furukawasolutions.com\/pt-br\/#organization\"},\"image\":{\"@id\":\"https:\/\/furukawasolutions.com\/pt-br\/n\/furukawa-inaugura-espaco-dedicado-a-inovacao-dentro-do-habitat-senai-em-curitiba\/#primaryimage\"},\"thumbnailUrl\":\"https:\/\/furukawasolutions.com\/wp-content\/uploads\/2023\/01\/Furukawa-espaco-habitat-senai-curitiba.jpg\",\"keywords\":[\"Ind\u00fastria\",\"Institucional\"],\"articleSection\":[\"Not\u00edcias\"],\"inLanguage\":\"pt-BR\",\"potentialAction\":[{\"@type\":\"CommentAction\",\"name\":\"Comment\",\"target\":[\"https:\/\/furukawasolutions.com\/pt-br\/n\/furukawa-inaugura-espaco-dedicado-a-inovacao-dentro-do-habitat-senai-em-curitiba\/#respond\"]}]},{\"@type\":\"WebPage\",\"@id\":\"https:\/\/furukawasolutions.com\/pt-br\/n\/furukawa-inaugura-espaco-dedicado-a-inovacao-dentro-do-habitat-senai-em-curitiba\/\",\"url\":\"https:\/\/furukawasolutions.com\/pt-br\/n\/furukawa-inaugura-espaco-dedicado-a-inovacao-dentro-do-habitat-senai-em-curitiba\/\",\"name\":\"Furukawa inaugura espa\u00e7o dedicado \u00e0 inova\u00e7\u00e3o dentro do Habitat Senai em Curitiba &#8211; Furukawa Solutions\",\"isPartOf\":{\"@id\":\"https:\/\/furukawasolutions.com\/pt-br\/#website\"},\"primaryImageOfPage\":{\"@id\":\"https:\/\/furukawasolutions.com\/pt-br\/n\/furukawa-inaugura-espaco-dedicado-a-inovacao-dentro-do-habitat-senai-em-curitiba\/#primaryimage\"},\"image\":{\"@id\":\"https:\/\/furukawasolutions.com\/pt-br\/n\/furukawa-inaugura-espaco-dedicado-a-inovacao-dentro-do-habitat-senai-em-curitiba\/#primaryimage\"},\"thumbnailUrl\":\"https:\/\/furukawasolutions.com\/wp-content\/uploads\/2023\/01\/Furukawa-espaco-habitat-senai-curitiba.jpg\",\"datePublished\":\"2023-01-31T19:12:12+00:00\",\"dateModified\":\"2024-03-11T21:46:47+00:00\",\"breadcrumb\":{\"@id\":\"https:\/\/furukawasolutions.com\/pt-br\/n\/furukawa-inaugura-espaco-dedicado-a-inovacao-dentro-do-habitat-senai-em-curitiba\/#breadcrumb\"},\"inLanguage\":\"pt-BR\",\"potentialAction\":[{\"@type\":\"ReadAction\",\"target\":[\"https:\/\/furukawasolutions.com\/pt-br\/n\/furukawa-inaugura-espaco-dedicado-a-inovacao-dentro-do-habitat-senai-em-curitiba\/\"]}]},{\"@type\":\"ImageObject\",\"inLanguage\":\"pt-BR\",\"@id\":\"https:\/\/furukawasolutions.com\/pt-br\/n\/furukawa-inaugura-espaco-dedicado-a-inovacao-dentro-do-habitat-senai-em-curitiba\/#primaryimage\",\"url\":\"https:\/\/furukawasolutions.com\/wp-content\/uploads\/2023\/01\/Furukawa-espaco-habitat-senai-curitiba.jpg\",\"contentUrl\":\"https:\/\/furukawasolutions.com\/wp-content\/uploads\/2023\/01\/Furukawa-espaco-habitat-senai-curitiba.jpg\",\"width\":800,\"height\":600,\"caption\":\"furukawa inova\u00e7\u00e3o no espa\u00e7o habitat senai curitiba\"},{\"@type\":\"BreadcrumbList\",\"@id\":\"https:\/\/furukawasolutions.com\/pt-br\/n\/furukawa-inaugura-espaco-dedicado-a-inovacao-dentro-do-habitat-senai-em-curitiba\/#breadcrumb\",\"itemListElement\":[{\"@type\":\"ListItem\",\"position\":1,\"name\":\"Home\",\"item\":\"https:\/\/furukawasolutions.com\/pt-br\/\"},{\"@type\":\"ListItem\",\"position\":2,\"name\":\"Not\u00edcias\",\"item\":\"https:\/\/furukawasolutions.com\/pt-br\/noticias\/noticias\/\"},{\"@type\":\"ListItem\",\"position\":3,\"name\":\"Furukawa inaugura espa\u00e7o dedicado \u00e0 inova\u00e7\u00e3o dentro do Habitat Senai em Curitiba\"}]},{\"@type\":\"WebSite\",\"@id\":\"https:\/\/furukawasolutions.com\/pt-br\/#website\",\"url\":\"https:\/\/furukawasolutions.com\/pt-br\/\",\"name\":\"Furukawa Solutions\",\"description\":\"Conhe\u00e7a as solu\u00e7\u00f5es completas para empresas e os produtos inovadores da Furukawa. Acesse nosso cat\u00e1logo, saiba como comprar e solicite um or\u00e7amento online!\",\"publisher\":{\"@id\":\"https:\/\/furukawasolutions.com\/pt-br\/#organization\"},\"potentialAction\":[{\"@type\":\"SearchAction\",\"target\":{\"@type\":\"EntryPoint\",\"urlTemplate\":\"https:\/\/furukawasolutions.com\/pt-br\/?s={search_term_string}\"},\"query-input\":{\"@type\":\"PropertyValueSpecification\",\"valueRequired\":true,\"valueName\":\"search_term_string\"}}],\"inLanguage\":\"pt-BR\"},{\"@type\":\"Organization\",\"@id\":\"https:\/\/furukawasolutions.com\/pt-br\/#organization\",\"name\":\"Furukawa Solutions\",\"url\":\"https:\/\/furukawasolutions.com\/pt-br\/\",\"logo\":{\"@type\":\"ImageObject\",\"inLanguage\":\"pt-BR\",\"@id\":\"https:\/\/furukawasolutions.com\/pt-br\/#\/schema\/logo\/image\/\",\"url\":\"https:\/\/furukawasolutions.com\/wp-content\/uploads\/2024\/11\/Logo-Furukawa-Electric-e-Solutions.jpeg\",\"contentUrl\":\"https:\/\/furukawasolutions.com\/wp-content\/uploads\/2024\/11\/Logo-Furukawa-Electric-e-Solutions.jpeg\",\"width\":1280,\"height\":216,\"caption\":\"Furukawa Solutions\"},\"image\":{\"@id\":\"https:\/\/furukawasolutions.com\/pt-br\/#\/schema\/logo\/image\/\"},\"sameAs\":[\"https:\/\/www.facebook.com\/furukawasolutions.pt\/\",\"https:\/\/x.com\/furukawa_pt\",\"https:\/\/www.instagram.com\/furukawasolutions_pt\/\",\"https:\/\/www.tiktok.com\/@furukawasolutions_pt\",\"https:\/\/br.linkedin.com\/company\/furukawa\"]},{\"@type\":\"Person\",\"@id\":\"https:\/\/furukawasolutions.com\/pt-br\/#\/schema\/person\/e9b4f9698151899c7709973fcdde4425\",\"name\":\"Ronaldo Jose Junior\",\"image\":{\"@type\":\"ImageObject\",\"inLanguage\":\"pt-BR\",\"@id\":\"https:\/\/furukawasolutions.com\/pt-br\/#\/schema\/person\/image\/\",\"url\":\"https:\/\/secure.gravatar.com\/avatar\/e197a59dbc08bd45d18b52fd62ebfde907b7f61de17b66849705e16823c3d992?s=96&d=mm&r=g\",\"contentUrl\":\"https:\/\/secure.gravatar.com\/avatar\/e197a59dbc08bd45d18b52fd62ebfde907b7f61de17b66849705e16823c3d992?s=96&d=mm&r=g\",\"caption\":\"Ronaldo Jose Junior\"},\"url\":\"https:\/\/furukawasolutions.com\/pt-br\/autor\/ronaldo-furukawa\/\"}]}<\/script>\n<!-- \/ Yoast SEO plugin. -->","yoast_head_json":{"title":"Furukawa inaugura espa\u00e7o dedicado \u00e0 inova\u00e7\u00e3o dentro do Habitat Senai em Curitiba &#8211; Furukawa Solutions","robots":{"index":"index","follow":"follow","max-snippet":"max-snippet:-1","max-image-preview":"max-image-preview:large","max-video-preview":"max-video-preview:-1"},"canonical":"https:\/\/furukawasolutions.com\/pt-br\/n\/furukawa-inaugura-espaco-dedicado-a-inovacao-dentro-do-habitat-senai-em-curitiba\/","og_locale":"pt_BR","og_type":"article","og_title":"Furukawa inaugura espa\u00e7o dedicado \u00e0 inova\u00e7\u00e3o dentro do Habitat Senai em Curitiba &#8211; Furukawa Solutions","og_description":"Um ambiente de inova\u00e7\u00e3o aberta, fora da empresa, em que os colaboradores t\u00eam a oportunidade de interagir &#8211; inclusive com pessoas de outras organiza\u00e7\u00f5es &#8211; sem a press\u00e3o das atividades do dia a dia. Essa \u00e9 a proposta do Espa\u00e7o Habitat que a Furukawa Electric LatAm est\u00e1 inaugurando hoje (30\/01), dentro do Habitat Senai &#8211; [&hellip;]","og_url":"https:\/\/furukawasolutions.com\/pt-br\/n\/furukawa-inaugura-espaco-dedicado-a-inovacao-dentro-do-habitat-senai-em-curitiba\/","og_site_name":"Furukawa Solutions","article_publisher":"https:\/\/www.facebook.com\/furukawasolutions.pt\/","article_published_time":"2023-01-31T19:12:12+00:00","article_modified_time":"2024-03-11T21:46:47+00:00","og_image":[{"width":800,"height":600,"url":"https:\/\/furukawasolutions.com\/wp-content\/uploads\/2023\/01\/Furukawa-espaco-habitat-senai-curitiba.jpg","type":"image\/jpeg"}],"author":"Ronaldo Jose Junior","twitter_card":"summary_large_image","twitter_creator":"@furukawa_pt","twitter_site":"@furukawa_pt","twitter_misc":{"Escrito por":"Ronaldo Jose Junior","Est. tempo de leitura":"2 minutos"},"schema":{"@context":"https:\/\/schema.org","@graph":[{"@type":"Article","@id":"https:\/\/furukawasolutions.com\/pt-br\/n\/furukawa-inaugura-espaco-dedicado-a-inovacao-dentro-do-habitat-senai-em-curitiba\/#article","isPartOf":{"@id":"https:\/\/furukawasolutions.com\/pt-br\/n\/furukawa-inaugura-espaco-dedicado-a-inovacao-dentro-do-habitat-senai-em-curitiba\/"},"author":{"name":"Ronaldo Jose Junior","@id":"https:\/\/furukawasolutions.com\/pt-br\/#\/schema\/person\/e9b4f9698151899c7709973fcdde4425"},"headline":"Furukawa inaugura espa\u00e7o dedicado \u00e0 inova\u00e7\u00e3o dentro do Habitat Senai em Curitiba","datePublished":"2023-01-31T19:12:12+00:00","dateModified":"2024-03-11T21:46:47+00:00","mainEntityOfPage":{"@id":"https:\/\/furukawasolutions.com\/pt-br\/n\/furukawa-inaugura-espaco-dedicado-a-inovacao-dentro-do-habitat-senai-em-curitiba\/"},"wordCount":405,"commentCount":0,"publisher":{"@id":"https:\/\/furukawasolutions.com\/pt-br\/#organization"},"image":{"@id":"https:\/\/furukawasolutions.com\/pt-br\/n\/furukawa-inaugura-espaco-dedicado-a-inovacao-dentro-do-habitat-senai-em-curitiba\/#primaryimage"},"thumbnailUrl":"https:\/\/furukawasolutions.com\/wp-content\/uploads\/2023\/01\/Furukawa-espaco-habitat-senai-curitiba.jpg","keywords":["Ind\u00fastria","Institucional"],"articleSection":["Not\u00edcias"],"inLanguage":"pt-BR","potentialAction":[{"@type":"CommentAction","name":"Comment","target":["https:\/\/furukawasolutions.com\/pt-br\/n\/furukawa-inaugura-espaco-dedicado-a-inovacao-dentro-do-habitat-senai-em-curitiba\/#respond"]}]},{"@type":"WebPage","@id":"https:\/\/furukawasolutions.com\/pt-br\/n\/furukawa-inaugura-espaco-dedicado-a-inovacao-dentro-do-habitat-senai-em-curitiba\/","url":"https:\/\/furukawasolutions.com\/pt-br\/n\/furukawa-inaugura-espaco-dedicado-a-inovacao-dentro-do-habitat-senai-em-curitiba\/","name":"Furukawa inaugura espa\u00e7o dedicado \u00e0 inova\u00e7\u00e3o dentro do Habitat Senai em Curitiba &#8211; Furukawa Solutions","isPartOf":{"@id":"https:\/\/furukawasolutions.com\/pt-br\/#website"},"primaryImageOfPage":{"@id":"https:\/\/furukawasolutions.com\/pt-br\/n\/furukawa-inaugura-espaco-dedicado-a-inovacao-dentro-do-habitat-senai-em-curitiba\/#primaryimage"},"image":{"@id":"https:\/\/furukawasolutions.com\/pt-br\/n\/furukawa-inaugura-espaco-dedicado-a-inovacao-dentro-do-habitat-senai-em-curitiba\/#primaryimage"},"thumbnailUrl":"https:\/\/furukawasolutions.com\/wp-content\/uploads\/2023\/01\/Furukawa-espaco-habitat-senai-curitiba.jpg","datePublished":"2023-01-31T19:12:12+00:00","dateModified":"2024-03-11T21:46:47+00:00","breadcrumb":{"@id":"https:\/\/furukawasolutions.com\/pt-br\/n\/furukawa-inaugura-espaco-dedicado-a-inovacao-dentro-do-habitat-senai-em-curitiba\/#breadcrumb"},"inLanguage":"pt-BR","potentialAction":[{"@type":"ReadAction","target":["https:\/\/furukawasolutions.com\/pt-br\/n\/furukawa-inaugura-espaco-dedicado-a-inovacao-dentro-do-habitat-senai-em-curitiba\/"]}]},{"@type":"ImageObject","inLanguage":"pt-BR","@id":"https:\/\/furukawasolutions.com\/pt-br\/n\/furukawa-inaugura-espaco-dedicado-a-inovacao-dentro-do-habitat-senai-em-curitiba\/#primaryimage","url":"https:\/\/furukawasolutions.com\/wp-content\/uploads\/2023\/01\/Furukawa-espaco-habitat-senai-curitiba.jpg","contentUrl":"https:\/\/furukawasolutions.com\/wp-content\/uploads\/2023\/01\/Furukawa-espaco-habitat-senai-curitiba.jpg","width":800,"height":600,"caption":"furukawa inova\u00e7\u00e3o no espa\u00e7o habitat senai curitiba"},{"@type":"BreadcrumbList","@id":"https:\/\/furukawasolutions.com\/pt-br\/n\/furukawa-inaugura-espaco-dedicado-a-inovacao-dentro-do-habitat-senai-em-curitiba\/#breadcrumb","itemListElement":[{"@type":"ListItem","position":1,"name":"Home","item":"https:\/\/furukawasolutions.com\/pt-br\/"},{"@type":"ListItem","position":2,"name":"Not\u00edcias","item":"https:\/\/furukawasolutions.com\/pt-br\/noticias\/noticias\/"},{"@type":"ListItem","position":3,"name":"Furukawa inaugura espa\u00e7o dedicado \u00e0 inova\u00e7\u00e3o dentro do Habitat Senai em Curitiba"}]},{"@type":"WebSite","@id":"https:\/\/furukawasolutions.com\/pt-br\/#website","url":"https:\/\/furukawasolutions.com\/pt-br\/","name":"Furukawa Solutions","description":"Conhe\u00e7a as solu\u00e7\u00f5es completas para empresas e os produtos inovadores da Furukawa. Acesse nosso cat\u00e1logo, saiba como comprar e solicite um or\u00e7amento online!","publisher":{"@id":"https:\/\/furukawasolutions.com\/pt-br\/#organization"},"potentialAction":[{"@type":"SearchAction","target":{"@type":"EntryPoint","urlTemplate":"https:\/\/furukawasolutions.com\/pt-br\/?s={search_term_string}"},"query-input":{"@type":"PropertyValueSpecification","valueRequired":true,"valueName":"search_term_string"}}],"inLanguage":"pt-BR"},{"@type":"Organization","@id":"https:\/\/furukawasolutions.com\/pt-br\/#organization","name":"Furukawa Solutions","url":"https:\/\/furukawasolutions.com\/pt-br\/","logo":{"@type":"ImageObject","inLanguage":"pt-BR","@id":"https:\/\/furukawasolutions.com\/pt-br\/#\/schema\/logo\/image\/","url":"https:\/\/furukawasolutions.com\/wp-content\/uploads\/2024\/11\/Logo-Furukawa-Electric-e-Solutions.jpeg","contentUrl":"https:\/\/furukawasolutions.com\/wp-content\/uploads\/2024\/11\/Logo-Furukawa-Electric-e-Solutions.jpeg","width":1280,"height":216,"caption":"Furukawa Solutions"},"image":{"@id":"https:\/\/furukawasolutions.com\/pt-br\/#\/schema\/logo\/image\/"},"sameAs":["https:\/\/www.facebook.com\/furukawasolutions.pt\/","https:\/\/x.com\/furukawa_pt","https:\/\/www.instagram.com\/furukawasolutions_pt\/","https:\/\/www.tiktok.com\/@furukawasolutions_pt","https:\/\/br.linkedin.com\/company\/furukawa"]},{"@type":"Person","@id":"https:\/\/furukawasolutions.com\/pt-br\/#\/schema\/person\/e9b4f9698151899c7709973fcdde4425","name":"Ronaldo Jose Junior","image":{"@type":"ImageObject","inLanguage":"pt-BR","@id":"https:\/\/furukawasolutions.com\/pt-br\/#\/schema\/person\/image\/","url":"https:\/\/secure.gravatar.com\/avatar\/e197a59dbc08bd45d18b52fd62ebfde907b7f61de17b66849705e16823c3d992?s=96&d=mm&r=g","contentUrl":"https:\/\/secure.gravatar.com\/avatar\/e197a59dbc08bd45d18b52fd62ebfde907b7f61de17b66849705e16823c3d992?s=96&d=mm&r=g","caption":"Ronaldo Jose Junior"},"url":"https:\/\/furukawasolutions.com\/pt-br\/autor\/ronaldo-furukawa\/"}]}},"_links":{"self":[{"href":"https:\/\/furukawasolutions.com\/pt-br\/wp-json\/wp\/v2\/posts\/3193","targetHints":{"allow":["GET"]}}],"collection":[{"href":"https:\/\/furukawasolutions.com\/pt-br\/wp-json\/wp\/v2\/posts"}],"about":[{"href":"https:\/\/furukawasolutions.com\/pt-br\/wp-json\/wp\/v2\/types\/post"}],"author":[{"embeddable":true,"href":"https:\/\/furukawasolutions.com\/pt-br\/wp-json\/wp\/v2\/users\/10"}],"replies":[{"embeddable":true,"href":"https:\/\/furukawasolutions.com\/pt-br\/wp-json\/wp\/v2\/comments?post=3193"}],"version-history":[{"count":0,"href":"https:\/\/furukawasolutions.com\/pt-br\/wp-json\/wp\/v2\/posts\/3193\/revisions"}],"wp:featuredmedia":[{"embeddable":true,"href":"https:\/\/furukawasolutions.com\/pt-br\/wp-json\/wp\/v2\/media\/3194"}],"wp:attachment":[{"href":"https:\/\/furukawasolutions.com\/pt-br\/wp-json\/wp\/v2\/media?parent=3193"}],"wp:term":[{"taxonomy":"category","embeddable":true,"href":"https:\/\/furukawasolutions.com\/pt-br\/wp-json\/wp\/v2\/categories?post=3193"},{"taxonomy":"post_tag","embeddable":true,"href":"https:\/\/furukawasolutions.com\/pt-br\/wp-json\/wp\/v2\/tags?post=3193"},{"taxonomy":"regioes","embeddable":true,"href":"https:\/\/furukawasolutions.com\/pt-br\/wp-json\/wp\/v2\/regioes?post=3193"}],"curies":[{"name":"wp","href":"https:\/\/api.w.org\/{rel}","templated":true}]}}